{"id":254,"date":"2010-10-15T00:00:22","date_gmt":"2010-10-14T22:00:22","guid":{"rendered":"http:\/\/kpufo.eu\/sk\/wordpress\/index.php\/2010\/10\/15\/o-uvidime-cez-taketo-okno\/"},"modified":"2024-02-29T01:23:11","modified_gmt":"2024-02-29T00:23:11","slug":"o-uvidime-cez-taketo-okno","status":"publish","type":"post","link":"https:\/\/kpufo.eu\/sk\/index.php\/2010\/10\/15\/o-uvidime-cez-taketo-okno\/","title":{"rendered":"\u010co uvid\u00edme cez tak\u00e9to okno?"},"content":{"rendered":"<p style=\"text-align: center;\"><strong> V novembri 2008 zah\u00e1jil provoz internetov\u00fd zpravodaj <em>Cez okno. <\/em><\/strong><\/p>\n<p style=\"text-align: center;\"><strong>Jak se p\u00ed\u0161e v \u00favodn\u00edm \u010dl\u00e1nku, m\u00e1 b\u00fdt v\u011bnov\u00e1n duchovnu a cest\u011b za pozn\u00e1n\u00edm.\u00a0<\/strong><\/p>\n<p><!--more--><\/p>\n<p style=\"text-align: justify;\">\u201ePozn\u00e1n\u00ed\u201c je tu v\u0161ak ch\u00e1p\u00e1no velmi sv\u00e9r\u00e1zn\u011b. Vedle aktualit z politick\u00e9ho d\u011bn\u00ed se port\u00e1l zam\u011b\u0159uje p\u0159edev\u0161\u00edm na ty nejdivo\u010dej\u0161\u00ed konspirativn\u00ed materi\u00e1ly, p\u0159eb\u00edran\u00e9 od \u201eosv\u011bd\u010den\u00fdch\u201c web\u016f, kter\u00e9 nen\u00ed t\u0159eba ani jmenovat, a pak u\u017e od kohokoli, kdo p\u0159in\u00e1\u0161\u00ed jen ty nejujet\u011bj\u0161\u00ed fantazie.<\/p>\n<p style=\"text-align: justify;\">Pod\u00edvejme se na n\u011bkter\u00e9 rubriky podrobn\u011b.<\/p>\n<p style=\"text-align: justify;\"><em>Quo vadis neboli \u2013 Kam jdeme?<\/em> je pln\u00e9 katastrofick\u00fdch zpr\u00e1v a p\u0159edpov\u011bd\u00ed.<\/p>\n<p style=\"text-align: justify;\">Rubrika <em>1989<\/em> je op\u011bt pln\u00e1 p\u0159esv\u011bd\u010den\u00ed, \u017ee v\u0161echno bylo jinak.<\/p>\n<p style=\"text-align: justify;\"><em>Zdrav\u00ed<\/em> \u2013 je pln\u00e9 \u010dl\u00e1nk\u016f o tom, \u017ee klasick\u00e1 medic\u00edna \u0161kod\u00ed.<\/p>\n<p style=\"text-align: justify;\">A\u017e rubrika <em>Utajovan\u00e9 d\u011bjiny<\/em> nazna\u010duje, \u017ee p\u016fjde do tuh\u00e9ho. Zajist\u00e9 jste nev\u011bd\u011bli, \u017ee v prvohor\u00e1ch se za\u010dalo rozv\u00edjet vesm\u00edrn\u00e9 cestov\u00e1n\u00ed. V\u017edy\u0165 i dinosau\u0159i, pt\u00e1ci a ovocn\u00e9 stromy byly dovezeny na t\u0159i planety &#8211; Zemi, Mars a Uran. (<a href=\"http:\/\/www.cez-okno.net\/clanok\/andromeda\/prvohory-a-druhohory-utajovane-dejiny-zeme-cast-iv\" target=\"_blank\" rel=\"noopener\"><em>http:\/\/www.cez-okno.net\/clanok\/andromeda\/prvohory-a-druhohory-utajovane-dejiny-zeme-cast-iv<\/em><\/a>) Dozv\u00edte se to od jist\u00e9ho Alexe Colliera, kontakt\u00e9ra s civilizac\u00ed v Androm\u00e9d\u011b, jeho\u017e \u010dl\u00e1nky najdete i v dal\u0161\u00edch rubrik\u00e1ch. D\u00edky n\u011bmu se dozv\u00edte i dal\u0161\u00ed podrobnosti o mimozemsk\u00fdch civilizac\u00edch, nap\u0159. to, kter\u00fd druh klade vaj\u00ed\u010dka.<\/p>\n<p style=\"text-align: justify;\">Skute\u010dn\u00e9 lah\u016fdky jsou \u010dl\u00e1nky, p\u0159eb\u00edran\u00e9 ze str\u00e1nek <em>Orgonet<\/em>. Tak t\u0159eba 27.11.2009 (numerologicky v\u00fdznamn\u00e9 datum!) Obama sd\u011bl\u00ed v\u0161em v televizi pravdu o kontaktech s mimozem\u0161\u0165any. <a href=\"http:\/\/www.cez-okno.net\/comment\/reply\/2069#comment-form\" target=\"_blank\" rel=\"noopener\"><em>http:\/\/www.cez-okno.net\/comment\/reply\/2069#comment-form<\/em><\/a> \u017de jste si v\u010dera takov\u00e9 zpr\u00e1vy nev\u0161imli ? Datum pro\u0161lo a redakce se k takov\u00e9mu debaklu rad\u011bji d\u00e1le nehl\u00e1sila.<\/p>\n<p style=\"text-align: justify;\">Vrchol konspira\u010dn\u00edho spiknut\u00ed p\u0159edstavuje \u010dl\u00e1nek ze stejn\u00e9ho zdroje. Jeden z \u010dten\u00e1\u0159\u016f si v\u0161iml, \u017ee r\u016fzn\u00e9 teplom\u011bry mu ukazuj\u00ed r\u016fznou teplotu a vyvodil z toho, \u017ee stejn\u011b, jako se r\u00e1diov\u011b up\u0159es\u0148uje p\u0159esn\u00fd \u010das, jsou tak stejn\u011b od jak\u00e9si tajn\u00e9 vl\u00e1dy zkreslov\u00e1ny \u00fadaje o teplot\u011b. (Z\u00e1hady teplom\u011bru: co kdy\u017e n\u00e1m fal\u0161uj\u00ed i teplotu? &#8211; (<a href=\"..\/\" target=\"_blank\" rel=\"noopener\"><em>http:\/\/www.cez-okno.net\/clanok\/ekopohlad\/zahady-teplomeru-co-kdyz-nam-falsuji-i-teplotu) <\/em><\/a><\/p>\n<p style=\"text-align: justify;\">V reperto\u00e1ru spiknut\u00ed nesm\u00ed chyb\u011bt ani <em>chemtrails<\/em>. Krom\u011b sugestivn\u00edho \u010dl\u00e1nku \u201e<em>Chemtrails zab\u00edj\u00ed<\/em>\u201c se ter\u010dem nen\u00e1visti staly str\u00e1nky NASA, objas\u0148uj\u00edc\u00ed d\u011btem podstatu <em>contrails<\/em>, tedy kondenza\u010dn\u00edch par za letouny, co\u017e pr\u00fd je d\u016fkaz ofici\u00e1ln\u00ed dezinformace bezbrann\u00fdch d\u011bti\u010dek, kter\u00fdm se tak br\u00e1n\u00ed v p\u0159\u00edstupu k jedin\u011b spr\u00e1vn\u00fdm informac\u00edm. (<a href=\"http:\/\/www.cez-okno.net\/clanok\/chemtrails\/oficialni-desinformace-o-chemtrails-pro-deti\" target=\"_blank\" rel=\"noopener\"><em>http:\/\/www.cez-okno.net\/clanok\/chemtrails\/oficialni-desinformace-o-chemtrails-pro-deti<\/em><\/a>)<\/p>\n<p style=\"text-align: justify;\">Obzvl\u00e1\u0161\u0165 s rozechv\u011bn\u00edm otev\u0159ete rubriku <em>V\u011bda<\/em>. Hned v po\u010d\u00e1tc\u00edch se od jak\u00e9hosi <em>Viktora Va\u0161ka<\/em> dozv\u00edte, jak \u0161kodliv\u00e9 je pro d\u011bti jak\u00e9koli o\u010dkov\u00e1n\u00ed. Hned pot\u00e9 o z\u00e1\u017eitc\u00edch t\u011bch, kte\u0159\u00ed pob\u00edhaj\u00ed po krajin\u011b a zahrab\u00e1vaj\u00ed <em>orgonit<\/em> u vys\u00edla\u010d\u016f, aby eliminovali jejich negativn\u00ed p\u016fsoben\u00ed.<\/p>\n<p style=\"text-align: justify;\">D\u00e1le na ot\u00e1zky o prase\u010d\u00ed ch\u0159ipce odpov\u00edd\u00e1 odborn\u00edk z nejpovolan\u011bj\u0161\u00edch \u2013 <em>Ji\u0159\u00ed M\u00e1rio Ma\u0161ek<\/em>, kdo jin\u00fd.<\/p>\n<p style=\"text-align: justify;\">Dal\u0161\u00ed \u010dl\u00e1nek je o tom, jak se vyl\u00e9\u010dit bez l\u00e9k\u016f \u2013 pit\u00edm z\u0159ed\u011bn\u00e9ho prost\u0159edku <em>SAVO<\/em>, maskovan\u00e9ho pod n\u00e1zvem <em>MMS<\/em>. A jsme na konci prvn\u00ed str\u00e1nky rubriky \u201e<em>V\u011bda<\/em>\u201c.<\/p>\n<p style=\"text-align: justify;\">Chcete-li si zachovat zdrav\u00fd rozum a nezem\u0159\u00edt &#8211; ne od chemtrails, ale od sm\u00edchu, dal\u0161\u00ed rubriky ani neotv\u00edrejte. Je z\u0159ejm\u00e9, \u017ee p\u0159es toto okno se doberete jedin\u011b k takov\u00e9mu pozn\u00e1n\u00ed, \u017ee blbost je naka\u017eliv\u00e1 a nezn\u00e1 hranic.<\/p>\n<p style=\"text-align: right;\"><em>Prevzat\u00e9 z : KPUFO.CZ<\/em><\/p>\n","protected":false},"excerpt":{"rendered":"<p>V novembri 2008 zah\u00e1jil provoz internetov\u00fd zpravodaj Cez okno. Jak se p\u00ed\u0161e v \u00favodn\u00edm \u010dl\u00e1nku, m\u00e1 b\u00fdt v\u011bnov\u00e1n duchovnu a<\/p>\n","protected":false},"author":1,"featured_media":2692,"comment_status":"closed","ping_status":"closed","sticky":false,"template":"","format":"standard","meta":{"footnotes":""},"categories":[4],"tags":[15,17,38],"_links":{"self":[{"href":"https:\/\/kpufo.eu\/sk\/index.php\/wp-json\/wp\/v2\/posts\/254"}],"collection":[{"href":"https:\/\/kpufo.eu\/sk\/index.php\/wp-json\/wp\/v2\/posts"}],"about":[{"href":"https:\/\/kpufo.eu\/sk\/index.php\/wp-json\/wp\/v2\/types\/post"}],"author":[{"embeddable":true,"href":"https:\/\/kpufo.eu\/sk\/index.php\/wp-json\/wp\/v2\/users\/1"}],"replies":[{"embeddable":true,"href":"https:\/\/kpufo.eu\/sk\/index.php\/wp-json\/wp\/v2\/comments?post=254"}],"version-history":[{"count":1,"href":"https:\/\/kpufo.eu\/sk\/index.php\/wp-json\/wp\/v2\/posts\/254\/revisions"}],"predecessor-version":[{"id":2009,"href":"https:\/\/kpufo.eu\/sk\/index.php\/wp-json\/wp\/v2\/posts\/254\/revisions\/2009"}],"wp:featuredmedia":[{"embeddable":true,"href":"https:\/\/kpufo.eu\/sk\/index.php\/wp-json\/wp\/v2\/media\/2692"}],"wp:attachment":[{"href":"https:\/\/kpufo.eu\/sk\/index.php\/wp-json\/wp\/v2\/media?parent=254"}],"wp:term":[{"taxonomy":"category","embeddable":true,"href":"https:\/\/kpufo.eu\/sk\/index.php\/wp-json\/wp\/v2\/categories?post=254"},{"taxonomy":"post_tag","embeddable":true,"href":"https:\/\/kpufo.eu\/sk\/index.php\/wp-json\/wp\/v2\/tags?post=254"}],"curies":[{"name":"wp","href":"https:\/\/api.w.org\/{rel}","templated":true}]}}