{"id":262,"date":"2010-10-07T18:12:08","date_gmt":"2010-10-07T16:12:08","guid":{"rendered":"http:\/\/kpufo.eu\/sk\/wordpress\/index.php\/2010\/10\/07\/jii-maek-a-jeho-osud\/"},"modified":"2024-01-27T01:58:23","modified_gmt":"2024-01-27T00:58:23","slug":"jii-maek-a-jeho-osud","status":"publish","type":"post","link":"https:\/\/kpufo.eu\/sk\/index.php\/2010\/10\/07\/jii-maek-a-jeho-osud\/","title":{"rendered":"Ji\u0159\u00ed Ma\u0161ek a jeho Osud"},"content":{"rendered":"<p style=\"text-align: justify;\"><strong> Str\u00e1nky OSUD.CZ byly podle \u00favodn\u00edho prohl\u00e1\u0161en\u00ed 10.7.2002 vytvo\u0159eny, aby p\u0159isp\u011bly &#8222;nov\u00e9 \u010desk\u00e9 vzd\u011blanosti, ve snaze vytvo\u0159it rozs\u00e1hl\u00e9 centrum, knihovnu, \u010di datab\u00e1zi alternativn\u00edch informac\u00ed a poznatk\u016f, vn\u00edman\u00fdch a posuzovan\u00fdch bez p\u0159edsudku, s toleranc\u00ed a l\u00e1skou.\u201c (1). <\/strong><!--more--><\/p>\n<p style=\"text-align: justify;\"><strong>U\u017e v \u0159\u00edjnu 2002 byly str\u00e1nky zpoplatn\u011bny a tak pro \u010detbu asi 90% \u010dl\u00e1nk\u016f se mus\u00ed \u010dten\u00e1\u0159\u00a0 zaregistrovat. Registrace stoj\u00ed 119 K\u010d\/m\u011bs\u00edc.<\/strong><\/p>\n<p style=\"text-align: justify;\">Je s podivem, \u017ee valn\u00e1 v\u011bt\u0161ina zpoplatn\u011bn\u00fdch \u010dl\u00e1nk\u016f je p\u0159evzata z jin\u00fdch zdroj\u016f a tak p\u0159i tro\u0161e \u0161ikovnosti lze tyto \u010dl\u00e1nky rychle nal\u00e9zt jinde.<\/p>\n<p style=\"text-align: justify;\"><strong>Transformace\u2026 Jak se projevuje?<\/strong><\/p>\n<p style=\"text-align: justify;\">\u00dast\u0159edn\u00edm t\u00e9matem t\u011bchto str\u00e1nek je tzv. \u201etransformace\u201c. Nen\u00ed to v podstat\u011b nic nov\u00e9ho. Jde o stokr\u00e1t omlet\u00e9 t\u00e9ma konce sv\u011bta a \u00fadajn\u00e9ho p\u0159echodu na novou kvalitu \u017eivota, tedy v podstat\u011b nov\u00e9 chiliastick\u00e9 u\u010den\u00ed, spojen\u00e9 s p\u0159elomem tis\u00edcilet\u00ed. Je to proces, kter\u00fd se neomezuje na jedin\u00fd okam\u017eik nebo rok, ale J. Ma\u0161ek sv\u00e9 \u010dten\u00e1\u0159e dr\u017e\u00ed ve st\u00e1l\u00e9m nap\u011bt\u00ed u\u017e n\u011bkolik let. V jeho pojet\u00ed je \u201etransformace\u201c v podstat\u011b tot\u00e9\u017e, co bylo v chiliastick\u00e9m hnut\u00ed v\u017edy, je to jen od\u011bno do nov\u00e9ho, technick\u00e9ho a sou\u010dasn\u00e9ho h\u00e1vu. P\u0159itom se ov\u0161em nevyh\u00fdb\u00e1 ani osv\u011bd\u010den\u00fdm star\u00fdm tradic\u00edm. Konec tohoto sv\u011bta bude \u00fadajn\u011b spojen s r\u016fzn\u00fdmi vlivy a t\u011b\u017eko lze vysledovat jedinou p\u0159\u00ed\u010dinu. M\u016f\u017ee to b\u00fdt nap\u0159. p\u0159\u00edlet Nibiru \u2013 ob\u00e1van\u00e9 12. planety Sumer\u016f, tajemn\u00e9ho t\u011blesa s ob\u011b\u017enou dobou 3600 let a prot\u00e1hlou drahou, ob\u00fdvan\u00e9 sumersk\u00fdmi bohy Anunaki\u2026 nebo to bude konec dal\u0161\u00edho cyklu maysk\u00e9ho kalend\u00e1\u0159e, vypo\u010dten\u00e9ho na rok 2012. To bude spojeno s p\u0159ep\u00f3lov\u00e1n\u00edm magnetick\u00e9ho pole Zem\u011b. Proto\u017ee se tato ud\u00e1lost bl\u00ed\u017e\u00ed, projevuje se to r\u016fzn\u00fdmi zp\u016fsoby, kter\u00e9 m\u016f\u017ee pozorovat ka\u017ed\u00fd \u010dten\u00e1\u0159. Jsou to zejm\u00e9na katastrofy a nehody. Ty tvo\u0159\u00ed v podstat\u011b p\u00e1te\u0159 obsahu Osudu. Ho\u0159\u00ed kami\u00f3ny, domy, lokomotivy \u2013 pro\u010d tomu tak je, v\u00ed jen J. Ma\u0161ek. Vytvo\u0159il proto cel\u00fd cyklus <em>\u201eHo\u0159\u00ed, m\u00e1 panenko! Lokomotivy, autobusy, letadla&#8230; v\u00fd\u010det n\u011bkter\u00fdch nehod a katastrof spojen\u00fdch p\u0159\u00edmo s p\u0159ep\u00f3lov\u00e1n\u00edm&#8230;\u201c<\/em> (2)<\/p>\n<p style=\"text-align: justify;\">\u017de by za takov\u00fdmi nehodami byla docela oby\u010dejn\u00e1 n\u00e1hoda? Na n\u011bco takov\u00e9ho se neopova\u017eujte ani pomyslet! \u201e<em>Kdo to kdy sly\u0161el \u010di vid\u011bl ho\u0159et elektrick\u00fd spor\u00e1k&#8230;?\u201c <\/em>div\u00ed se J. Ma\u0161ek. A co takhle se optat hasi\u010d\u016f? Ti u\u017e vid\u011bli ho\u0159et v\u011bc\u00ed \u2026<\/p>\n<p style=\"text-align: justify;\">Ale <em>\u201ehasi\u010di a specialist\u00e9 po\u0159\u00e1d melou sv\u00e9 poh\u00e1dky o technick\u00fdch z\u00e1vad\u00e1ch, brzy jim nikdo nebude v\u011b\u0159it.\u201c <\/em>(3). Ano, ze \u010dten\u00e1\u0159\u016f Osudu jim v\u011b\u0159\u00ed u\u017e jen m\u00e1lokdo. Pokud spadne letadlo, nebo m\u00e1 pot\u00ed\u017ee, m\u016f\u017ee za to samoz\u0159ejm\u011b tak\u00e9 \u201etransformace\u201c. Na jej\u00ed nebezpe\u010d\u00ed v letadlech upozornil dokonce J. Ma\u0161ek <em>\u010cesk\u00e9 aerolinie.<\/em> Tam se samoz\u0159ejm\u011b museli dob\u0159e pobavit, nebo\u0165 co si myslet o doporu\u010den\u00ed, kdy <em>\u201ev den, kdy dojde n\u00e1hle ke katastrof\u00e1m v\u00edce jak dvou \u010di t\u0159\u00ed letadel nar\u00e1z, je t\u0159eba okam\u017eit\u011b vydat z\u00e1kaz start\u016f dal\u0161\u00edch letadel. V\u0161e souvis\u00ed tak\u00e9 s denn\u00ed \u010di no\u010dn\u00ed hodinou, (v obdob\u00ed leden &#8211; b\u0159ezen) jsou krizov\u00e9\u00a0 zejm\u00e9na vzlety a p\u0159ist\u00e1n\u00ed kolem 10.30-12.30 se\u010d a 21-23 se\u010d.\u201c<\/em> (4)<\/p>\n<p style=\"text-align: justify;\">Pan Ma\u0161ek ov\u0161em mohl poradit, jak zamezit p\u0159ist\u00e1n\u00ed letadla v uveden\u00fdch hodin\u00e1ch.<\/p>\n<p style=\"text-align: justify;\">Pro\u010d se tak d\u011bje? Zde je vysv\u011btlen\u00ed:<em> \u201eSyntetick\u00e9 materi\u00e1ly m\u011bn\u00ed pod vlivem foton\u016f molekulovou strukturu a propou\u0161t\u011bj\u00ed veden\u00e9 kapaliny (elekt\u0159inu, apod.) To je p\u0159\u00ed\u010dinou toho, pro\u010d mnoz\u00ed kolem 14. hodiny c\u00edt\u00edte benz\u00edn i ve sv\u00fdch vozech. Pokud se pak dostanou do kontaktu s n\u011b\u010d\u00edm ho\u0159lav\u00fdm, je zle. V\u011bt\u0161inou se po\u017e\u00e1ry zat\u00edm objevuj\u00ed v m\u00edstech kumulace velk\u00fdch energi\u00ed (a\u0165 ji\u017e lidsk\u00fdch), nebo zejm\u00e9na dal\u0161\u00edch (d\u00e1lnice, kamiony s velk\u00fdm po\u010dtem stejn\u00e9ho druhu zbo\u017e\u00ed atd.)\u201c<\/em> (5). Sice nen\u00ed jasn\u00e9, jak m\u016f\u017ee elekt\u0159ina prosakovat, ale z\u0159ejm\u011b je to v pojet\u00ed Osudu n\u011bjak\u00fd zvl\u00e1\u0161tn\u00ed druh kapaliny\u2026 Nelze nep\u0159iznat, \u017ee s\u00e1zka na katastrofy jako d\u016fkaz \u201etransformace\u201c byla velmi vychytral\u00fdm tahem. R\u016fzn\u00e9 hav\u00e1rie, a\u0165 u\u017e z jak\u00e9hokoliv d\u016fvodu, zde byly a samoz\u0159ejm\u011b, \u017ee budou i nad\u00e1le.<\/p>\n<p style=\"text-align: justify;\">\u201eD\u016fkaz\u016f\u201c transformace je tedy nep\u0159ebern\u00e9 mno\u017estv\u00ed a budou se d\u00edt st\u00e1le. Je\u0161t\u011b se nestalo, \u017ee by n\u011bjak\u00e1 hav\u00e1rie letadla byla uzn\u00e1na na Osudu jako p\u0159irozen\u00e1, tedy &#8211; aby se zde potvrdila ofici\u00e1ln\u00ed verze.<\/p>\n<p style=\"text-align: justify;\"><strong>Fotony<\/strong><\/p>\n<p style=\"text-align: justify;\">\u010c\u00edm\u017e se dost\u00e1v\u00e1me k pravideln\u00fdm \u201efotonov\u00fdm p\u0159edpov\u011bd\u00edm\u201c.<\/p>\n<p style=\"text-align: justify;\"><em>Zde je p\u0159edpov\u011b\u010f na \u010derven 2009. Fotonov\u00e1 p\u0159edpov\u011b\u010f na \u010derven? Bude je\u0161t\u011b h\u016f\u0159, ne\u017e v kv\u011btnu! (6) Den\u00a0 &#8211; Stupe\u0148 1\u00a0\u00a0\u00a0\u00a0\u00a0\u00a0\u00a0 6.93 4\u00a0\u00a0\u00a0\u00a0\u00a0\u00a0\u00a0 7.24 6\u00a0\u00a0\u00a0\u00a0\u00a0\u00a0\u00a0 7.55 8\u00a0\u00a0\u00a0\u00a0\u00a0\u00a0\u00a0 7.77 12\u00a0\u00a0\u00a0\u00a0\u00a0 8.32 14\u00a0\u00a0\u00a0\u00a0\u00a0 8.47 16\u00a0\u00a0\u00a0\u00a0\u00a0 8.21 19\u00a0\u00a0\u00a0\u00a0\u00a0 8.03 23\u00a0\u00a0\u00a0\u00a0\u00a0 8.01 25\u00a0\u00a0\u00a0\u00a0\u00a0 7.95 28\u00a0\u00a0\u00a0\u00a0\u00a0 7.87 30\u00a0\u00a0\u00a0\u00a0\u00a0 7.73<\/em><\/p>\n<p style=\"text-align: justify;\">Pokud hled\u00e1te v druh\u00e9m sloupe\u010dku jednotky, m\u00e1te sm\u016flu. Hodnoty v\u00e1m mus\u00ed sta\u010dit.<\/p>\n<p style=\"text-align: justify;\">N\u011bkte\u0159\u00ed \u010dten\u00e1\u0159i byli z t\u011bchto \u010d\u00edsel zd\u011b\u0161eni. T\u0159eba Petr P. p\u0159edpov\u011b\u010f zhodnotil vskutku vy\u010derp\u00e1vaj\u00edc\u00edm zp\u016fsobem : \u201e<em>Jen pro inspiraci bych r\u00e1d uvedl, \u017ee tato progrese v r\u016fstu intenzity vf hv\u011bzdn\u00fdch infuz\u00ed p\u016fsob\u00ed v morfogenetick\u00e9m poli jedince n\u011bco jako kompresi \u010di n\u00e1r\u016fst &#8222;tlaku&#8220; a m\u00e1 za n\u00e1sledek v p\u0159\u00edpad\u011b neschopnosti tyto infuze integrovat, \u017ee inkarnovan\u00e9 V\u011bdom\u00ed opou\u0161t\u00ed takto p\u0159ehu\u0161t\u011bn\u00e9 prost\u0159ed\u00ed. Tak\u017ee bu\u010fte pros\u00edm v\u0161ichni opatrn\u00ed a m\u011bjte se.\u201c <\/em><\/p>\n<p style=\"text-align: justify;\">Uffff \u2026<\/p>\n<p style=\"text-align: justify;\">Hodnoty toku foton\u016f dod\u00e1v\u00e1 jak\u00fdsi Kirael ze str\u00e1nek (7) (- srovnej s b\u00e1jnou Sirael, kterou pro filmov\u00e9ho Rudolfa II. vytvo\u0159il z m\u011bs\u00ed\u010dn\u00edch paprsk\u016f magistr Kelly ve filmu <em>C\u00edsa\u0159\u016fv peka\u0159<\/em>. M\u016f\u017eeme vid\u011bt, \u017ee je zde p\u0159\u00edmo fantastick\u00e1 souvislost!)<\/p>\n<p style=\"text-align: justify;\">\u201eFotony\u201c maj\u00ed samoz\u0159ejm\u011b vliv i na lidi. Bu\u010fte uji\u0161t\u011bni, \u017ee za ka\u017ed\u00fd v\u00e1\u0161 neduh mohou procesy transformace. J. Ma\u0161ek varuje, \u017ee on poci\u0165uje <em>\u201ezvl\u00e1\u0161tn\u00ed pocity vnit\u0159n\u00ed zimy, okam\u017eiky v trv\u00e1n\u00ed \u0159\u00e1dov\u011b des\u00edtky minut (\u010dten\u00e1\u0159 tak m\u016f\u017ee obdivovat pozoruhodn\u00e9 vn\u00edm\u00e1n\u00ed \u010dasov\u00fdch \u201eokam\u017eik\u016f\u201c) kdy vn\u00edm\u00e1m obrovsk\u00fd chlad a nen\u00ed mo\u017en\u00e9 se zah\u0159\u00e1t.\u00a0 D\u00e1le je to \u201cobrovsk\u00e1 \u00fanava\u2026 kdy jsem schopen usnout ve stoje. Posledn\u00ed dny to bylo n\u011bkdy kolem poledne.\u201c (8) Jeden \u010dten\u00e1\u0159 za\u017e\u00edv\u00e1 skute\u010dn\u00e1 muka: \u201eDnes to je c\u00edtit ty vzr\u016fstaj\u00edc\u00ed fotony&#8230; zase od lev\u00e9\u00a0 p\u016flky hlavy bolest, lev\u00e9 oko, brn\u011bn\u00ed nohy taky lev\u00e9, trochu i vibrace v rukou. Stejn\u00fd jako v kv\u011btnu, kdy\u017e to bylo na maximu&#8230;..\u201d <\/em> (9) Dal\u0161\u00ed kritick\u00e1 doba \u201ekolem \u0161est\u00e9 (\u2026) se cosi op\u00edr\u00e1 do magnetick\u00e9ho \u0161t\u00edtu Zem\u011b.\u201c<\/p>\n<p style=\"text-align: justify;\">Op\u011bt je to velmi \u0161ikovn\u00fd tah \u2013 m\u00e1lokdo je dnes \u00fapln\u011b zdrav\u00fd a \u00fanava se nevyh\u00fdb\u00e1 nikomu. Pro\u010d to nesv\u00e9st na fotony \u010di transformaci? Je to n\u011bco nov\u00e9ho, ne\u017e si p\u0159iznat norm\u00e1ln\u00ed \u00fanavu nebo zdravotn\u00ed pot\u00ed\u017ee. Lid\u00e9 se tak\u00e9 r\u00e1di pozoruj\u00ed a sugesce bezesporu rovn\u011b\u017e vykon\u00e1 sv\u00e9. Nepoci\u0165ujete pr\u00e1v\u011b nyn\u00ed p\u00e1len\u00ed o\u010d\u00ed? Zvl\u00e1\u0161t\u011b prav\u00e9ho? Slz\u00edte? Mrk\u00e1te \u010dasto? Sta\u010d\u00ed si o\u010di po\u0159\u00e1dn\u011b promnout a bude l\u00e9pe \u2026 Kolik z v\u00e1s si nyn\u00ed prot\u0159elo o\u010di? Vid\u00edte, je to tak snadn\u00e9\u2026<\/p>\n<p style=\"text-align: justify;\">A tak v\u00e1ha Ma\u0161kov\u00fdch vysv\u011btlen\u00ed op\u011bt stoup\u00e1. A d\u00e1le, jak \u010dten\u00e1\u0159i Osudu st\u00e1rnou, p\u0159ib\u00fdv\u00e1 r\u016fzn\u00fdch pot\u00ed\u017e\u00ed. A to je op\u011bt d\u016fkaz bl\u00ed\u017e\u00edc\u00ed se nov\u00e9 Apokalypsy, s\u00edl\u00edc\u00ed transformace, p\u0159ibli\u017euj\u00edc\u00ed se Nibiru, zvy\u0161uj\u00edc\u00edch se hodnot foton\u016f \u2026\u00a0 (p\u0159\u00edznivec si m\u016f\u017ee vybrat dle libosti). A tak po\u0159\u00e1d dokola.<\/p>\n<p style=\"text-align: justify;\"><strong>Konspirace<\/strong><\/p>\n<p style=\"text-align: justify;\">Jakmile n\u011bkdo sd\u011bl\u00ed n\u011bco, co by mohlo by\u0165 jen korespondovat s n\u00e1zory na Osudu, ihned mu hroz\u00ed smrteln\u00e9 nebezpe\u010d\u00ed. A to bez ohledu na to, \u017ee tyto \u201estra\u0161liv\u011b nebezpe\u010dn\u00e9 n\u00e1zory\u201c se publikuj\u00ed naprosto voln\u011b: <em> \u201eJak v\u00edte, vyj\u00e1d\u0159il jsem d\u00edky tomu ji\u017e p\u0159ed \u010dasem sv\u00e9 obavy, \u017ee na prezidenta Klause m\u016f\u017ee b\u00fdt sp\u00e1ch\u00e1n atent\u00e1t. M\u016f\u017ee se jednat o dopravn\u00ed nehodu, nebo t\u0159eba srde\u010dn\u00ed z\u00e1le\u017eitost. Nyn\u00ed sv\u00e9 obavy roz\u0161i\u0159uji i na Petra H\u00e1jka, varov\u00e1n\u00ed Klausovi m\u016f\u017ee p\u0159ij\u00edt mo\u017en\u00e1 p\u0159es probl\u00e9m pr\u00e1v\u011b jeho a jemu.<\/em>\u201c (10)<\/p>\n<p style=\"text-align: justify;\">Pan Ma\u0161ek si v\u0161ak ihned v\u00ed rady: <em>\u201eZnovu pros\u00edm v\u0161echny ty, kte\u0159\u00ed dok\u00e1\u017e\u00ed energeticky pracovat s ud\u00e1lostmi, aby se postarali o jejich bezpe\u010dnost a vytvo\u0159ili jim kryt\u00ed sv\u011bteln\u00fdch sil.\u201c<\/em> (11) Op\u011bt velmi d\u016fmysln\u00e1 metoda: Pokud by se \u201ecokoli\u201c s ob\u011bma osobnostmi stalo (t\u0159eba by onemocn\u011bli r\u00fdmou), byl by to d\u016fkaz \u201eatent\u00e1tu\u201c. Pokud se nic nestane, je to op\u011bt z\u00e1sluha <em>\u201esv\u011bteln\u00fdch sil\u201c,<\/em> aktivizovan\u00fdch Ma\u0161kem k jejich ochran\u011b. Jak geni\u00e1ln\u00ed!<\/p>\n<p style=\"text-align: justify;\">A\u010dkoliv se to d\u016fkazy \u201etransformace\u201c a bl\u00ed\u017e\u00edc\u00edch se z\u00e1va\u017en\u00fdch ud\u00e1lost\u00ed na str\u00e1nk\u00e1ch Osudu jen hem\u017e\u00ed, v\u011bda to v\u0161e ignoruje, ba dokonce utajuje. V\u0161e, co se na sv\u011bt\u011b stane, je d\u016fkazem tajn\u00e9ho celosv\u011btov\u00e9ho spiknut\u00ed l\u00f3\u017e\u00ed, spolk\u016f, celosv\u011btov\u00e9 vl\u00e1dy. Je zaj\u00edmav\u00e9, \u017ee d\u016fkazy konspirace a utajov\u00e1n\u00ed se dokl\u00e1daj\u00ed \u2026 norm\u00e1ln\u011b p\u0159\u00edstupn\u00fdmi a \u0161iroce publikovan\u00fdmi zpr\u00e1vami z tisku a internetu. Tak\u00e9 zde je v podstat\u011b nevy\u010derpateln\u00fd zdroj inspirace. Politick\u00e9 manipulace jsou dnes na denn\u00edm po\u0159\u00e1dku, podle z\u00e1jmu t\u011bch \u010di on\u011bch politick\u00fdch sil. B\u011b\u017en\u011b je m\u016f\u017ee odhalit ka\u017ed\u00fd z n\u00e1s, nebo se tak stane \u010dasem i ofici\u00e1ln\u011b. Pokud se to v\u0161ak p\u0159edem odhal\u00ed na Osudu (nebo se pouze p\u0159edpov\u00ed, \u017ee tomu tak je nebo bude), \u00fasp\u011bch je zaru\u010den.<\/p>\n<p style=\"text-align: center;\"><img loading=\"lazy\" decoding=\"async\" class=\"alignnone wp-image-1133 size-full\" src=\"http:\/\/kpufo.eu\/sk\/wp-content\/uploads\/2011\/07\/transformace.jpg\" alt=\"\" width=\"450\" height=\"667\" srcset=\"https:\/\/kpufo.eu\/sk\/wp-content\/uploads\/2011\/07\/transformace.jpg 450w, https:\/\/kpufo.eu\/sk\/wp-content\/uploads\/2011\/07\/transformace-202x300.jpg 202w\" sizes=\"(max-width: 450px) 100vw, 450px\" \/><\/p>\n<p style=\"text-align: justify;\"><strong>Chemtrails<\/strong><\/p>\n<p style=\"text-align: justify;\">D\u016fkazem celosv\u011btov\u00e9ho spiknut\u00ed, politik\u016f, v\u011bdc\u016f, vojensk\u00fdch a pr\u016fmyslov\u00fdch kruh\u016f je tzv. chemtrails. Je to skute\u010dn\u00fd evergreen na str\u00e1nk\u00e1ch\u00a0 Osudu. P\u00e1sy za letadly, zn\u00e1m\u00e9 u\u017e od dob druh\u00e9 sv\u011btov\u00e9 v\u00e1lky se n\u00e1hle staly tajupln\u00fdm pr\u00e1\u0161kov\u00e1n\u00edm jak\u00fdchsi chemik\u00e1li\u00ed, je\u017e maj\u00ed \u0159adu \u00fakol\u016f:<\/p>\n<p style=\"text-align: justify;\">&#8211; biologick\u00e1 zbra\u0148<\/p>\n<p style=\"text-align: justify;\">&#8211; v podstat\u011b o\u010dkov\u00e1n\u00ed populace cel\u00e9 planety<\/p>\n<p style=\"text-align: justify;\">&#8211; ochr\u00e1nit p\u0159ed glob\u00e1ln\u00edm oteplov\u00e1n\u00edm nebo p\u0159ed kosmick\u00fdm z\u00e1\u0159en\u00edm\u2026\u00a8<\/p>\n<p style=\"text-align: justify;\">&#8211; atd.<\/p>\n<p style=\"text-align: justify;\">Zde se poda\u0159ilo mobilizovat cel\u00e9 \u0161iky \u010dten\u00e1\u0159\u016f, kte\u0159\u00ed pos\u00edlaj\u00ed takov\u00e9 mno\u017estv\u00ed fotografi\u00ed, a\u017e to musel Ma\u0161ek zastavit. (12) <em> \u201eChemtrailsy byl soud\u011b podle p\u0159\u00edznak\u016f velmi pravd\u011bpodobn\u011b posti\u017een i zn\u00e1m\u00fd \u010desk\u00fd herec zn\u00e1m\u00fd svou v\u00fdbornou fyzickou kondic\u00ed Pavel Nov\u00fd. Dostal nejprve z\u00e1pal plic, pozd\u011bji po l\u00e9\u010db\u011b z\u00e1n\u011bt mozkov\u00fdch blan a le\u017e\u00ed v kritick\u00e9m stavu na ARO p\u0159\u00edbramsk\u00e9 nemocnice.\u201c<\/em><\/p>\n<p style=\"text-align: justify;\">Pokud byste se cht\u011bli p\u00eddit po d\u016fkazu, \u017ee za t\u00edmto onemocn\u011bn\u00edm skute\u010dn\u011b je chemtrails, budete okam\u017eit\u011b ozna\u010deni za skeptiky a zaprodance sv\u011btov\u00fdch spiklenc\u016f.<\/p>\n<p style=\"text-align: justify;\">J. Ma\u0161ek se d\u00e1le pt\u00e1: <em>\u201eZa\u010dnou nyn\u00ed lid\u00e9 um\u00edrat na z\u00e1hadn\u00e9 pr\u00e1\u0161kov\u00e1n\u00ed po tis\u00edc\u00edch?\u201c <\/em>(13) I kdy\u017e 2 roky se nikde po tis\u00edc\u00edch neum\u00edr\u00e1, J. Ma\u0161kovi nebo \u010dten\u00e1\u0159\u016fm to v\u016fbec nevad\u00ed.<\/p>\n<p style=\"text-align: justify;\">Pravou lah\u016fdku v oblasti <em>chemtrails<\/em> p\u0159inesla fotografie \u201epr\u00e1\u0161kuj\u00edc\u00edho letounu\u201c (14), co\u017e byl americk\u00fd bombard\u00e9r B-47 z 50-60. let (tedy u\u017e d\u00e1vno vy\u0159azen\u00fd) p\u0159i zkr\u00e1cen\u00e9m startu za pomoci p\u0159\u00eddavn\u00fdch raket. \u017de by se nikdo nena\u0161el, kdo by J. Ma\u0161kovi poradil, aby se neblamoval?<\/p>\n<p style=\"text-align: justify;\">Jsou ale i dal\u0161\u00ed meteorologick\u00e9 fenom\u00e9ny, jako t\u0159eba \u010derv\u00e1nky, kter\u00e9 lze vyu\u017e\u00edt pro sv\u00e9 c\u00edle: <em>\u201eV\u017edy, kdy\u017e nebe z\u0159ejm\u011b vlivem prudk\u00e9ho fotonov\u00e9ho z\u00e1\u0159en\u00ed\u00a0 a okam\u017eit\u00e9ho posypu chemtrailsy zreaguje a zbarv\u00ed do ruda, mus\u00ed p\u0159ij\u00edt mainstream a v\u011bda s tzv. ofici\u00e1ln\u00edm vysv\u011btlen\u00edm. (nap\u0159. saharsk\u00fd p\u00edsek) \u2026 Podle star\u00e9ho indi\u00e1nsk\u00e9ho proroctv\u00ed, pokud se za\u010dne objevovat rud\u00e9 nebe, je konec lid\u00ed ji\u017e bl\u00edzko.\u201c<\/em> (15)<\/p>\n<p style=\"text-align: justify;\">Co dodat \u2026<\/p>\n<p style=\"text-align: justify;\"><strong>\u010cten\u00e1\u0159i a p\u0159\u00edznivci<\/strong><\/p>\n<p style=\"text-align: justify;\">N\u011bkte\u0159\u00ed \u010dten\u00e1\u0159i J. Ma\u0161ka bezmezn\u011b miluj\u00ed. J. Ma\u0161ek toti\u017e um\u00ed poradit prakticky ve v\u0161em, t\u0159eba jak doma \u0159e\u0161it vyt\u00e1p\u011bn\u00ed, nebo zda let\u011bt na dovolenou. Krom\u011b toho i v\u011b\u0161t\u00ed: \u201eZat\u00edm nem\u00e1m d\u016fvod m\u011bnit sv\u00e9 proroctv\u00ed, \u017ee opravdu nep\u0159\u00edjemn\u00e1 l\u00e9ta p\u0159ijdou a\u017e v letech 2014 a v\u00fd\u0161e.\u201c (16) Je zaj\u00edmav\u00e9, \u017ee dosud nikdo z \u010dten\u00e1\u0159\u016f tato p\u0159edchoz\u00ed \u201eproroctv\u00ed\u201c nevyhodnotil. Pro\u010d taky \u2026<\/p>\n<p style=\"text-align: justify;\">\u201eOtev\u0159en\u00fd dopis \u010dten\u00e1\u0159\u016fm OSUD.CZ\u201c (17) vyvolal proto u n\u011bkter\u00fdch prav\u00e9 z\u00e1chvaty nep\u0159\u00ed\u010detnosti. Ta tam byla ve\u0161ker\u00e1 l\u00e1ska k bli\u017en\u00edmu. Tak jsme se mohli dozv\u011bd\u011bt, \u017ee kritici Osudu jsou <em>\u201cpomatenci a bl\u00e1zni\u201c, \u201eotravuj\u00ed jin\u00e9 lidi se svoj\u00ed demagogi\u00ed,\u201c<\/em> a jsou dokonce<em> \u201eplacen\u00e1 protilidov\u00e1 pak\u00e1\u017e,\u201c \u201elidsk\u00e9 prostitutky, kter\u00e9 se n\u011bk\u00fdm nechaj\u00ed uplatit a potom d\u011blaj\u00ed tuhle \u0161pinavou pr\u00e1ci,\u201c \u201ejednaj\u00ed jako konfidenti\u201d<\/em> a jsou <em>\u201eplaceni z na\u0161ich dan\u00ed\u2026<\/em>\u201d Krom\u011b toho z J. Ma\u0161ka <em>\u201eaktivn\u011b vys\u00e1vaj\u00ed energii\u2026\u201c<\/em> (z diskuse)<\/p>\n<p style=\"text-align: justify;\">Uvnit\u0159 t\u00e9to zvl\u00e1\u0161tn\u00ed internetov\u00e9 spole\u010dnosti se proto tak\u00e9 nijak\u00e1 kritika nep\u0159ij\u00edm\u00e1. Jen z\u0159\u00eddka byly sly\u0161et hlasy, \u017ee by bylo pot\u0159eba vyslechnout i jin\u00e9 n\u00e1zory. Nesouhlas\u00edc\u00ed jedinci p\u0159edplatitelsk\u00e9 obce, kte\u0159\u00ed si Osudu pat\u0159i\u010dn\u011b \u201enev\u00e1\u017e\u00ed\u201c, obdr\u017e\u00ed nejprve z\u00e1kaz ps\u00e1t do diskus\u00ed, p\u0159\u00edpadn\u011b je jim vr\u00e1cen zbytek p\u0159edplatn\u00e9ho a tedy zak\u00e1z\u00e1n p\u0159\u00edstup.<\/p>\n<p style=\"text-align: justify;\">P\u0159\u00e1tel\u00e9 Sv\u011btla (jak si \u0159\u00edkaj\u00ed) v diskus\u00edch ok\u0159ikuj\u00ed ka\u017ed\u00e9ho, kdo souhlasn\u011b nek\u00fdv\u00e1, slovy nap\u0159.: <em>\u201eSklapni. Nep\u0159in\u00e1le\u017e\u00ed Ti vyjad\u0159ovat se k z\u00e1sluh\u00e1m a pravd\u00e1m Jirky\u2026\u201c<\/em> (10.06.2009) Na str\u00e1nk\u00e1ch tak ob\u010das uv\u00e1d\u00ed n\u00e1zory \u010dten\u00e1\u0159\u016f, kter\u00e9 jsou pln\u00e9 p\u0159\u00e1n\u00ed, aby J. Ma\u0161ek na sebe d\u00e1val pozor, opatroval se atd., nebo\u0165 ti, kte\u0159\u00ed tak \u201eodv\u00e1\u017en\u011b\u201c poukazuj\u00ed na tu v\u0161echnu konspiraci atd., jsou v neust\u00e1l\u00e9m ohro\u017een\u00ed \u2013 budou okam\u017eit\u011b poni\u017eov\u00e1ni, zesm\u011b\u0161\u0148ov\u00e1ni a dokonce likvidov\u00e1ni\u2026<\/p>\n<p style=\"text-align: justify;\"><strong>Z\u00e1v\u011br<\/strong><\/p>\n<p style=\"text-align: justify;\">Techniky vzniku podobn\u00fdch u\u010den\u00ed a p\u0159\u00edznivc\u016f jsou d\u00e1vno zn\u00e1m\u00e9. Vytvo\u0159\u00ed se syst\u00e9m ur\u010dit\u00fdch my\u0161lenek, samoz\u0159ejm\u011b z\u00e1va\u017en\u00e9ho, varuj\u00edc\u00edho obsahu, kter\u00e9 se zahal\u00ed do tajemn\u00e9ho h\u00e1vu. Zkombinuj\u00ed se s probl\u00e9my a jevy, kter\u00e9 jsou d\u00e1vno zn\u00e1m\u00e9, aby se lid\u00e9 m\u011bli \u010deho zachytit. Pak u\u017e se fantazii meze nekladou. Kritici jsou upozor\u0148ov\u00e1ni na to, \u017ee \u201eono na TOM N\u011aCO je\u2026\u201c, \u201ev N\u011a\u010cEM m\u00e1 pravdu\u2026\u201c atd. Ov\u0161em komplex n\u00e1zor\u016f u\u017e nen\u00ed pro ka\u017ed\u00e9ho. Nejlep\u0161\u00ed je sd\u011blit, \u017ee ur\u010dit\u00e9 v\u011bci zde jsou, ale \u201evid\u00ed\u201c, \u201evn\u00edmaj\u00ed\u201c a \u201ech\u00e1pou\u201c je jen vyvolen\u00ed. K tomu mus\u00ed b\u00fdt ur\u010dit\u00e9 schopnosti, prav\u00e1 \u201educhovn\u00ed\u201c vysp\u011blost. To d\u00e1v\u00e1 p\u0159\u00edznivc\u016fm pocit jejich v\u00fdlu\u010dnosti a v\u00fdjime\u010dnosti. Nez\u00e1le\u017e\u00ed na tom, co um\u00ed, jak jsou vzd\u011blan\u00ed, naopak, v\u011bda je nep\u0159\u00edtelem \u010d\u00edslo jedna. Kritici jsou hlup\u00e1ci, kte\u0159\u00ed nedorostli k takov\u00fdm v\u00fd\u0161in\u00e1m v\u011bd\u011bn\u00ed. \u00a8<\/p>\n<p style=\"text-align: justify;\">Zv\u011bstovatel tohoto u\u010den\u00ed je neomyln\u00fd guru, rad\u00edc\u00ed i v\u011b\u0161t\u00edc\u00ed. Je neust\u00e1le pron\u00e1sledovan\u00fd a tak mus\u00ed b\u00fdt chr\u00e1n\u011bn davy p\u0159\u00edznivc\u016f vlastn\u00edmi t\u011bly. A tak v\u011bta Jana Kol\u00e1ra na adresu J. Ma\u0161ka: \u201eObavam sa, aby o par rokov nevznikla okolo neho nejaka sekta,\u201c (18), nen\u00ed v\u016fbec od v\u011bci. I kdy\u017e lze pochybovat o tom, \u017ee toto byl prav\u00fd z\u00e1m\u011br zakladatele Osudu, p\u0159i dosavadn\u00edm veden\u00ed a \u0159\u00edzen\u00ed t\u011bchto str\u00e1nek a prob\u00edhaj\u00edc\u00edch spole\u010densk\u00fdch podm\u00ednk\u00e1ch a procesech do\u0161lo ke vzniku t\u00e9to zvl\u00e1\u0161tn\u00ed struktury. Je pouze na osobn\u00ed odpov\u011bdnosti zakladatele, a na t\u011bch \u010dten\u00e1\u0159\u00edch Osudu, kte\u0159\u00ed na n\u011bm v dobr\u00e9 v\u00ed\u0159e hledaj\u00ed pou\u010den\u00ed, zda budou schopni zamezit patologick\u00fdm tendenc\u00edm, (kter\u00e9 se samoz\u0159ejm\u011b nevyh\u00fdbaj\u00ed \u017e\u00e1dn\u00e9mu spole\u010denstv\u00ed lid\u00ed), nebo zda jim takov\u00fd stav vyhovuje a budou na n\u011bm d\u00e1le stav\u011bt, podporovat a rozv\u00edjet jej.<\/p>\n<p style=\"text-align: left;\"><strong><em>Odkazy<\/em><\/strong><\/p>\n<p style=\"text-align: left;\"><em>(1) -jmm-, Osud.CZ, http:\/\/www.osud.cz\/cs\/clanek.php?id=1, 10.7.2002 <\/em><\/p>\n<p style=\"text-align: left;\"><em>(2) Osud. CZ, http:\/\/www.osud.cz\/cs\/clanek.php?id=7748, 16.07.2008 <\/em><\/p>\n<p style=\"text-align: left;\"><em>(3) Osud.CZ, http:\/\/www.osud.cz\/cs\/clanek.php?id=8539, 23.01.2009 <\/em><\/p>\n<p style=\"text-align: left;\"><em>(4) Osud.CZ, http:\/\/www.osud.cz\/cs\/clanek.php?id=8697, 28.02.2009 <\/em><\/p>\n<p style=\"text-align: left;\"><em>(5) Osud.CZ, http:\/\/www.osud.cz\/cs\/clanek.php?id=7748, 16.07.2008 <\/em><\/p>\n<p style=\"text-align: left;\"><em>(6) Osud.CZ, 01.06.2009 <\/em><\/p>\n<p style=\"text-align: left;\"><em>(7) http:\/\/www.kirael.com <\/em><\/p>\n<p style=\"text-align: left;\"><em>(8) Osud.CZ, http:\/\/osud.cz\/cs\/clanek.php?id=8643, 16.02.2009 <\/em><\/p>\n<p style=\"text-align: left;\"><em>(9) Osud.CZ, 10.06.2009 (10) Osud.Cz, 10.06.2009 <\/em><\/p>\n<p style=\"text-align: left;\"><em>(11) Osud.Cz, 10.06.2009 <\/em><\/p>\n<p style=\"text-align: left;\"><em>(12) Osud.CZ, 05.06.2009 <\/em><\/p>\n<p style=\"text-align: left;\"><em>(13) Osud.CZ, http:\/\/www.osud.cz\/cs\/clanek.php?id=6385, 23.09.2007). <\/em><\/p>\n<p style=\"text-align: left;\"><em>(14) Osud.CZ,\u00a0 http:\/\/www.osud.cz\/cs\/img_clanek\/2758_TS_chemtrails_plane_093afx-small.jpg) &#8211; http:\/\/www.osud.cz\/cs\/clanek.php?id=6378 &#8211; 21.09.2007 <\/em><\/p>\n<p style=\"text-align: left;\"><em>(15)\u00a0 Osud.CZ, http:\/\/www.osud.cz\/cs\/clanek.php?id=8867\u00a0 07.04.2009 <\/em><\/p>\n<p style=\"text-align: left;\"><em>(16) Osud.CZ, http:\/\/www.osud.cz\/cs\/clanek.php?id=8879, 05.06.2009 <\/em><\/p>\n<p style=\"text-align: left;\"><em>(17) \u0160afa\u0159\u00edk, L.: OTEV\u0158EN\u00dd DOPIS \u010dten\u00e1\u0159\u016fm OSUD.CZ.\u00a0KPUFO.CZ, 06.06.2009<\/em><\/p>\n<p style=\"text-align: left;\"><em>(18) Kol\u00e1r, J.: \u010co je to skuto\u010dn\u00e1 duchovnos\u0165 alebo pozor na \u0161arlat\u00e1nov. <a href=\"http:\/\/jankolar.blog.sme.sk\/c\/185437\/Co-je-to-skutocna-duchovnost-alebo-pozor-na-sarlatanov.html\" target=\"_blank\" rel=\"noopener\">http:\/\/jankolar.blog.sme.sk\/c\/185437\/Co-je-to-skutocna-duchovnost-alebo-pozor-na-sarlatanov.html<\/a><\/em><\/p>\n<ul>\n<li><em>Pokud odkaz nefunguje, pou\u017eijte Internet Archive.<\/em><\/li>\n<\/ul>\n","protected":false},"excerpt":{"rendered":"<p>Str\u00e1nky OSUD.CZ byly podle \u00favodn\u00edho prohl\u00e1\u0161en\u00ed 10.7.2002 vytvo\u0159eny, aby p\u0159isp\u011bly &#8222;nov\u00e9 \u010desk\u00e9 vzd\u011blanosti, ve snaze vytvo\u0159it rozs\u00e1hl\u00e9 centrum, knihovnu, \u010di<\/p>\n","protected":false},"author":1,"featured_media":2692,"comment_status":"closed","ping_status":"closed","sticky":false,"template":"","format":"standard","meta":{"footnotes":""},"categories":[9],"tags":[20,15,17],"_links":{"self":[{"href":"https:\/\/kpufo.eu\/sk\/index.php\/wp-json\/wp\/v2\/posts\/262"}],"collection":[{"href":"https:\/\/kpufo.eu\/sk\/index.php\/wp-json\/wp\/v2\/posts"}],"about":[{"href":"https:\/\/kpufo.eu\/sk\/index.php\/wp-json\/wp\/v2\/types\/post"}],"author":[{"embeddable":true,"href":"https:\/\/kpufo.eu\/sk\/index.php\/wp-json\/wp\/v2\/users\/1"}],"replies":[{"embeddable":true,"href":"https:\/\/kpufo.eu\/sk\/index.php\/wp-json\/wp\/v2\/comments?post=262"}],"version-history":[{"count":3,"href":"https:\/\/kpufo.eu\/sk\/index.php\/wp-json\/wp\/v2\/posts\/262\/revisions"}],"predecessor-version":[{"id":1189,"href":"https:\/\/kpufo.eu\/sk\/index.php\/wp-json\/wp\/v2\/posts\/262\/revisions\/1189"}],"wp:featuredmedia":[{"embeddable":true,"href":"https:\/\/kpufo.eu\/sk\/index.php\/wp-json\/wp\/v2\/media\/2692"}],"wp:attachment":[{"href":"https:\/\/kpufo.eu\/sk\/index.php\/wp-json\/wp\/v2\/media?parent=262"}],"wp:term":[{"taxonomy":"category","embeddable":true,"href":"https:\/\/kpufo.eu\/sk\/index.php\/wp-json\/wp\/v2\/categories?post=262"},{"taxonomy":"post_tag","embeddable":true,"href":"https:\/\/kpufo.eu\/sk\/index.php\/wp-json\/wp\/v2\/tags?post=262"}],"curies":[{"name":"wp","href":"https:\/\/api.w.org\/{rel}","templated":true}]}}