{"id":903,"date":"2017-06-07T22:02:27","date_gmt":"2017-06-07T20:02:27","guid":{"rendered":"http:\/\/kpufo.eu\/sk\/wordpress\/index.php\/2017\/06\/07\/sprisahanie-sedej-rasy\/"},"modified":"2024-01-27T03:28:32","modified_gmt":"2024-01-27T02:28:32","slug":"sprisahanie-sedej-rasy","status":"publish","type":"post","link":"https:\/\/kpufo.eu\/sk\/index.php\/2017\/06\/07\/sprisahanie-sedej-rasy\/","title":{"rendered":"Sprisahanie \u0161edej rasy"},"content":{"rendered":"<p style=\"direction: ltr; text-align: center;\"><strong>Nov\u00fd film, kter\u00fd nato\u010dil re\u017eis\u00e9r <em>Maro\u0161 Ber\u00e1k<\/em>, m\u00e1 b\u00fdt pr\u00fd pohledem dovnit\u0159 komunity ufolog\u016f, bez koment\u00e1\u0159e, kter\u00fd by div\u00e1ka manipuloval jak\u00fdmkoliv zp\u016fsobem.<\/strong><\/p>\n<p><!--more--><\/p>\n<p style=\"text-align: justify;\"><em>Ber\u00e1k<\/em> tak\u00e9 pr\u00fd nem\u00e1 r\u00e1d objektivitu. Proto jeho film nem\u00e1 b\u00fdt konfronta\u010dn\u00ed a postaven\u00fd na dialogu jedn\u011bch proti druh\u00fdm.<\/p>\n<p style=\"text-align: justify;\">Podle popisu distributora m\u00e1 film p\u0159in\u00e1\u0161et bezprost\u0159edn\u00ed sv\u011bdectv\u00ed lid\u00ed, kter\u00fdm do \u017eivota vstoupilo UFO. Nem\u00e1 to tak\u00e9 b\u00fdt snaha o senzaci, ani film o v\u00ed\u0159e v r\u016fzn\u00e9 iracion\u00e1ln\u00ed pov\u011bry \u010di konspirace. (1) (2)<\/p>\n<p style=\"text-align: justify;\">Co tedy vzniklo?<\/p>\n<p style=\"text-align: justify;\">Nen\u00ed mo\u017en\u00e9 popsat v\u0161echny nehor\u00e1znosti, kter\u00e9 mus\u00ed div\u00e1k vytrp\u011bt.<\/p>\n<p style=\"text-align: justify;\">To nen\u00ed film o slovensk\u00e9 <em>ufologii <\/em>ani<em> z\u00e1hadologii<\/em>. Je to nesouvisej\u00edc\u00ed sled obraz\u016f, kter\u00e9 nijak nenavazuj\u00ed, a mnohdy ani nemaj\u00ed s t\u00e9matem filmu nic spole\u010dn\u00e9ho.<\/p>\n<p style=\"text-align: center;\"><img loading=\"lazy\" decoding=\"async\" class=\" size-full wp-image-902\" src=\"http:\/\/kpufo.eu\/sk\/wordpress\/wp-content\/uploads\/2017\/06\/sprisahanie.jpg\" alt=\"\" width=\"300\" height=\"426\" srcset=\"https:\/\/kpufo.eu\/sk\/wp-content\/uploads\/2017\/06\/sprisahanie.jpg 300w, https:\/\/kpufo.eu\/sk\/wp-content\/uploads\/2017\/06\/sprisahanie-211x300.jpg 211w\" sizes=\"(max-width: 300px) 100vw, 300px\" \/><\/p>\n<p style=\"text-align: justify;\">V\u017edy\u0165 jak m\u016f\u017ee n\u011bkdo na z\u00e1klad\u011b v\u00fdpov\u011bd\u00ed p\u00e1r n\u00e1hodn\u00fdch osob vykl\u00e1dat film za zmapov\u00e1n\u00ed slovensk\u00e9 ufologie? A kdo je vybral a podle \u010deho? Bylo to jen na z\u00e1klad\u011b medi\u00e1ln\u00ed proslulosti. Lze \u0159\u00edci, \u017ee se v podstat\u011b ti lid\u00e9 vybrali pro \u00fa\u010dast sami.<\/p>\n<p style=\"text-align: justify;\">Div\u00e1ka, kter\u00fd se alespo\u0148 zb\u011b\u017en\u011b pohybuje v t\u00e9to oblasti zaraz\u00ed, \u017ee krom\u011b 2 osob zde vystupuj\u00ed lid\u00e9, o kter\u00fdch doposud nebylo vidu ani slechu.<\/p>\n<p style=\"text-align: justify;\">Tv\u016frce pr\u00fd 6 let mapoval sc\u00e9nu slovensk\u00fdch <em>ufolog\u016f<\/em>. Jen\u017ee tam nen\u00ed zn\u00e1t ani posun, ani v\u00fdvoj, odkud a kam se tato oblast dostala. Tento v\u00fdvoj, tedy kdy byly z\u00e1b\u011bry po\u0159\u00edzeny, kter\u00fd je mlad\u0161\u00ed a kter\u00fd star\u0161\u00ed, nen\u00ed v\u016fbec z\u0159eteln\u00e9. A lze tvrdit, \u017ee to bylo to posledn\u00ed, co tv\u016frce zaj\u00edmalo.<\/p>\n<p style=\"text-align: justify;\">Pro koho je film ur\u010den? Ani to nen\u00ed jasn\u00e9. Pro \u0161irokou ve\u0159ejnost? P\u0159edkl\u00e1dan\u00e9 n\u00e1zory ani osoby nejsou ve stavu, kter\u00e9 by mohly n\u011bkoho zaujmout.<\/p>\n<p style=\"text-align: justify;\">A tak div\u00e1k sleduje dlouh\u00e9 z\u00e1b\u011bry, jak jeden pracuje v d\u00edln\u011b, voz\u00ed se kole\u010dko po zahrad\u011b, jin\u00fd si hraje doma s ko\u010dkou, kdosi zp\u00edv\u00e1 n\u011bjak\u00e9 r\u00e1doby ezotexty na poli&#8230;<\/p>\n<p style=\"text-align: justify;\">V\u0161edn\u00ed z\u00e1b\u011bry, kter\u00e9 maj\u00ed z\u0159ejm\u011b uk\u00e1zat, \u017ee i ufolog si va\u0159\u00ed k\u00e1vu a hraje si s vnou\u010daty. Bez tohoto filmu bychom to z\u0159ejm\u011b nev\u011bd\u011bli.<\/p>\n<p style=\"text-align: justify;\">To v\u0161e je prolo\u017eeno n\u011bkolika v\u00fdpov\u011b\u010fmi sv\u011bdk\u016f, kte\u0159\u00ed vid\u011bli UFO. Na dokreslen\u00ed celkov\u00e9 trapnosti je v\u0161e zalito om\u00e1\u010dkou n\u00e1zor\u016f jednotliv\u00fdch \u00fa\u010dinkuj\u00edc\u00edch. Z nich je patrn\u00e9, nakolik slovensk\u00e1 <em>ufologie<\/em> zamrzla v 90. l\u00e9tech. Nen\u00ed v nich ani zn\u00e1mka kriti\u010dnosti a posunu poznatk\u016f, nikde nen\u00ed ani n\u00e1znak originality. Jsou uk\u00e1zkou toho, nakolik hluboko zde zako\u0159enily dlouho opakovan\u00e9 pov\u011bsti z lacin\u00fdch a pochybn\u00fdch text\u016f z pod\u0159adn\u00fdch web\u016f.<\/p>\n<p style=\"text-align: justify;\">Film je zbyte\u010dn\u00fd. Nep\u0159in\u00e1\u0161\u00ed nikomu nic pot\u0159ebn\u00e9ho.<\/p>\n<p style=\"text-align: justify;\">Zbyte\u010dn\u00e9 z\u00e1b\u011bry, zbyte\u010dn\u00e9 dialogy, zbyte\u010dn\u00fd \u010das.<\/p>\n<p><em><strong>Odkazy<\/strong><\/em><\/p>\n<p style=\"text-align: left;\"><em>(1)\u00a0Spiknut\u00ed \u0161ed\u00e9 rasy. SR, 2017. \u010cSFD. Internet: <a href=\"https:\/\/www.csfd.cz\/film\/497429-spiknuti-sede-rasy\/prehled\/\" target=\"_blank\" rel=\"noopener noreferrer\">https:\/\/www.csfd.cz\/film\/497429-spiknuti-sede-rasy\/prehled\/<\/a> <\/em><br \/>\n<em>(2)\u00a0Petkov\u00e1, K.: \u0160es\u0165 rokov mapoval komunitu slovensk\u00fdch ufol\u00f3gov, s filmom ide do k\u00edn. Trend, 30.1.2017. Internet: <a href=\"https:\/\/medialne.etrend.sk\/televizia\/sest-rokov-mapoval-komunitu-slovenskych-ufologov-s-filmom-ide-do-kin.html\" target=\"_blank\" rel=\"noopener noreferrer\">https:\/\/medialne.etrend.sk\/televizia\/sest-rokov-mapoval-komunitu-slovenskych-ufologov-s-filmom-ide-do-kin.html<\/a> <\/em><\/p>\n<p style=\"text-align: right;\"><em>-mato-<\/em><\/p>\n<p style=\"text-align: center;\">\n","protected":false},"excerpt":{"rendered":"<p>Nov\u00fd film, kter\u00fd nato\u010dil re\u017eis\u00e9r Maro\u0161 Ber\u00e1k, m\u00e1 b\u00fdt pr\u00fd pohledem dovnit\u0159 komunity ufolog\u016f, bez koment\u00e1\u0159e, kter\u00fd by div\u00e1ka manipuloval<\/p>\n","protected":false},"author":1,"featured_media":2681,"comment_status":"closed","ping_status":"closed","sticky":false,"template":"","format":"standard","meta":{"footnotes":""},"categories":[4],"tags":[15,38,18,36],"_links":{"self":[{"href":"https:\/\/kpufo.eu\/sk\/index.php\/wp-json\/wp\/v2\/posts\/903"}],"collection":[{"href":"https:\/\/kpufo.eu\/sk\/index.php\/wp-json\/wp\/v2\/posts"}],"about":[{"href":"https:\/\/kpufo.eu\/sk\/index.php\/wp-json\/wp\/v2\/types\/post"}],"author":[{"embeddable":true,"href":"https:\/\/kpufo.eu\/sk\/index.php\/wp-json\/wp\/v2\/users\/1"}],"replies":[{"embeddable":true,"href":"https:\/\/kpufo.eu\/sk\/index.php\/wp-json\/wp\/v2\/comments?post=903"}],"version-history":[{"count":2,"href":"https:\/\/kpufo.eu\/sk\/index.php\/wp-json\/wp\/v2\/posts\/903\/revisions"}],"predecessor-version":[{"id":2824,"href":"https:\/\/kpufo.eu\/sk\/index.php\/wp-json\/wp\/v2\/posts\/903\/revisions\/2824"}],"wp:featuredmedia":[{"embeddable":true,"href":"https:\/\/kpufo.eu\/sk\/index.php\/wp-json\/wp\/v2\/media\/2681"}],"wp:attachment":[{"href":"https:\/\/kpufo.eu\/sk\/index.php\/wp-json\/wp\/v2\/media?parent=903"}],"wp:term":[{"taxonomy":"category","embeddable":true,"href":"https:\/\/kpufo.eu\/sk\/index.php\/wp-json\/wp\/v2\/categories?post=903"},{"taxonomy":"post_tag","embeddable":true,"href":"https:\/\/kpufo.eu\/sk\/index.php\/wp-json\/wp\/v2\/tags?post=903"}],"curies":[{"name":"wp","href":"https:\/\/api.w.org\/{rel}","templated":true}]}}